{"id":625,"date":"2023-08-11T12:34:42","date_gmt":"2023-08-11T15:34:42","guid":{"rendered":"https:\/\/chiripa.com.uy\/?p=625"},"modified":"2023-08-11T12:34:42","modified_gmt":"2023-08-11T15:34:42","slug":"expo-cafe-2023","status":"publish","type":"post","link":"https:\/\/chiripa.com.uy\/index.php\/2023\/08\/11\/expo-cafe-2023\/","title":{"rendered":"Expo Caf\u00e9 2023"},"content":{"rendered":"<div class=\"wp-block-image\">\n<figure class=\"alignleft size-large is-resized\"><img loading=\"lazy\" decoding=\"async\" src=\"https:\/\/chiripa.com.uy\/wp-content\/uploads\/2023\/08\/cafe-1024x1024.jpg\" alt=\"\" class=\"wp-image-626\" width=\"126\" height=\"126\" srcset=\"https:\/\/chiripa.com.uy\/wp-content\/uploads\/2023\/08\/cafe-1024x1024.jpg 1024w, https:\/\/chiripa.com.uy\/wp-content\/uploads\/2023\/08\/cafe-300x300.jpg 300w, https:\/\/chiripa.com.uy\/wp-content\/uploads\/2023\/08\/cafe-150x150.jpg 150w, https:\/\/chiripa.com.uy\/wp-content\/uploads\/2023\/08\/cafe-768x768.jpg 768w, https:\/\/chiripa.com.uy\/wp-content\/uploads\/2023\/08\/cafe-100x100.jpg 100w, https:\/\/chiripa.com.uy\/wp-content\/uploads\/2023\/08\/cafe.jpg 1080w\" sizes=\"auto, (max-width: 126px) 100vw, 126px\" \/><\/figure>\n<\/div>\n\n\n<p class=\"has-text-align-left\">Este s\u00e1bado 12 y domingo 13 de agosto, de 11 a 21 hs., en el centro de Eventos de LATU, los esperamos en el stand de Chiripa, que estar\u00e1 acompa\u00f1ando al evento cafetero del a\u00f1o.  Este evento fue declarado de inter\u00e9s tur\u00edstico por el Ministerio de Turismo.<\/p>\n","protected":false},"excerpt":{"rendered":"<p>Este s\u00e1bado 12 y domingo 13 de agosto, de 11 a 21 hs., en el centro de Eventos de LATU, los esperamos en el stand de Chiripa, que estar\u00e1 acompa\u00f1ando al evento cafetero del a\u00f1o. Este evento fue declarado de inter\u00e9s tur\u00edstico por el Ministerio de Turismo.<\/p>\n","protected":false},"author":1,"featured_media":0,"comment_status":"open","ping_status":"closed","sticky":false,"template":"","format":"standard","meta":{"footnotes":""},"categories":[19],"tags":[],"class_list":["post-625","post","type-post","status-publish","format-standard","hentry","category-comunicado"],"_links":{"self":[{"href":"https:\/\/chiripa.com.uy\/index.php\/wp-json\/wp\/v2\/posts\/625","targetHints":{"allow":["GET"]}}],"collection":[{"href":"https:\/\/chiripa.com.uy\/index.php\/wp-json\/wp\/v2\/posts"}],"about":[{"href":"https:\/\/chiripa.com.uy\/index.php\/wp-json\/wp\/v2\/types\/post"}],"author":[{"embeddable":true,"href":"https:\/\/chiripa.com.uy\/index.php\/wp-json\/wp\/v2\/users\/1"}],"replies":[{"embeddable":true,"href":"https:\/\/chiripa.com.uy\/index.php\/wp-json\/wp\/v2\/comments?post=625"}],"version-history":[{"count":1,"href":"https:\/\/chiripa.com.uy\/index.php\/wp-json\/wp\/v2\/posts\/625\/revisions"}],"predecessor-version":[{"id":627,"href":"https:\/\/chiripa.com.uy\/index.php\/wp-json\/wp\/v2\/posts\/625\/revisions\/627"}],"wp:attachment":[{"href":"https:\/\/chiripa.com.uy\/index.php\/wp-json\/wp\/v2\/media?parent=625"}],"wp:term":[{"taxonomy":"category","embeddable":true,"href":"https:\/\/chiripa.com.uy\/index.php\/wp-json\/wp\/v2\/categories?post=625"},{"taxonomy":"post_tag","embeddable":true,"href":"https:\/\/chiripa.com.uy\/index.php\/wp-json\/wp\/v2\/tags?post=625"}],"curies":[{"name":"wp","href":"https:\/\/api.w.org\/{rel}","templated":true}]}}